{"id":4459,"date":"2023-07-11T12:00:17","date_gmt":"2023-07-11T10:00:17","guid":{"rendered":"https:\/\/socialinisverslas.inovacijuagentura.lt\/?p=4459"},"modified":"2023-07-11T12:13:38","modified_gmt":"2023-07-11T10:13:38","slug":"rado-nauja-nisa-madai-is-antru-ranku-is-pirmo-zvilgsnio-net-nesuprasite-kad-daiktai-jau-deveti","status":"publish","type":"post","link":"https:\/\/socialinisverslas.inovacijuagentura.lt\/en\/rado-nauja-nisa-madai-is-antru-ranku-is-pirmo-zvilgsnio-net-nesuprasite-kad-daiktai-jau-deveti\/","title":{"rendered":"Rado nauj\u0105 ni\u0161\u0105 madai i\u0161 antr\u0173 rank\u0173 \u2013 i\u0161 pirmo \u017evilgsnio net nesuprasite, kad daiktai jau d\u0117v\u0117ti"},"content":{"rendered":"<p><\/p>\n\n\n\n<p><strong>Vilniuje verslo centr\u0173 dangorai\u017ei\u0173 apsuptyje esan\u010dioje \u201eEuropoje\u201c duris atv\u0117r\u0117 tvarios mados parduotuv\u0117 \u201eTEXTALE Premium\u201c. Antr\u0173 rank\u0173 mados oaze tapusi parduotuv\u0117 orientuota \u012f kokyb\u0119 ir estetik\u0105, tod\u0117l u\u017esuk\u0119 klientai da\u017enai net nesupranta, kad \u010dia parduodami daiktai jau yra d\u0117v\u0117ti ir laukia antrojo gyvenimo.<\/strong><\/p>\n\n\n\n<p>\u201eTEXTALE\u201c \u2013 tai naujos kartos mados perpardavimo ir main\u0173 platforma, kvie\u010dianti \u012fsigyti, parduoti arba padovanoti nene\u0161iojamus, bet stilingus ir kokybi\u0161kus drabu\u017eius, aksesuarus, avalyn\u0119 bei nam\u0173 tekstil\u0119.<\/p>\n\n\n\n<p>Pasak \u012fk\u016br\u0117jos Viktorijos Naus\u0117d\u0117s, parduotuv\u0117s atidarymas prekybos centre \u2013 nuoseklaus ir ilgalaikio \u012fdirbio vystant prek\u0117s \u017eenkl\u0105 rezultatas. \u201eSu dideliu d\u017eiaugsmu, gav\u0119 Mariaus Jakulio Jason fondo palaikym\u0105, pri\u0117m\u0117me pasi\u016blym\u0105 atliepti \u0161ios ypatingos sostin\u0117s vietos \u2013 verslo centr\u0173 darbuotoj\u0173 ir moderni\u0173 daugiabu\u010di\u0173 gyventoj\u0173 \u2013 tvarios mados poreikius. \u201eEuropa\u201c \u017eavi savo jaukumu, atitiko m\u016bs\u0173 vertybinius l\u016bkes\u010dius. \u010cia vertyb\u0117mis paremta mada i\u0161ties l\u0117tesn\u0117, &nbsp;vartojimas s\u0105moningesnis, \u012fgyvendinama vis daugiau tvari\u0173 sprendim\u0173. Esame ten, kur stilius, kokyb\u0117 ir atsakomyb\u0117 eina drauge\u201c, \u2013 teigia \u201eTEXTALE\u201c \u012fk\u016br\u0117ja.<\/p>\n\n\n\n<p>Anot verslinink\u0117s, gyvename pertekliaus laikais. \u201ePasaulyje kasmet pagaminama apie 100 mlrd. nauj\u0173 drabu\u017ei\u0173 vienet\u0173, i\u0161 kuri\u0173 didel\u0117 dalis net nepasiekia vartotoj\u0173. \u0160vaist\u016bni\u0161k\u0105 gamybos ir vartojimo model\u012f lydi mil\u017eini\u0161ka aplinkos tar\u0161a. Tad tikrai d\u017eiaugiam\u0117s, kad su dideliu pagrei\u010diu auganti antr\u0173 rank\u0173 rinka sudaro vis palankesnes galimybes dalintis, m\u0117gautis m\u0117gstam\u0173 prek\u0117s \u017eenkl\u0173 apranga ilgiau, \u017eenkliai pigiau ir palankiausiu aplinkai b\u016bdu, ma\u017einant neigiam\u0105 mados p\u0117dsak\u0105\u201c, \u2013 d\u0117mes\u012f atkreipia V. Naus\u0117d\u0117.<\/p>\n\n\n\n<p>\u201eTEXTALE\u201c parduotuv\u0117s atidarymo metu susirinkusiems sve\u010diams paskait\u0105 skait\u0117 asmenin\u0117 stilist\u0117 Viktorija Kovriga. Estet\u0117s teigimu, kiekvienas galime tur\u0117ti skirtingas optimizuotas kapsulines spintas, susidedan\u010dias i\u0161 naujo ir seno.<\/p>\n\n\n\n<p>\u201eJau ger\u0105 de\u0161imtmet\u012f mados pasaulis nebepasi\u016blo naujos stiliaus epochos. \u0160iuolaikin\u0117 mada tapo liberali, leid\u017eianti tarpusavyje derinti skirtingus stilius, i\u0161naudoti antr\u0173 rank\u0173 drabu\u017eius. Kitose \u0161alyse d\u0117v\u0117ti drabu\u017eiai yra vertinami ir traktuojami kaip gero skonio \u017eenklas, perduodamas i\u0161 kartos \u012f kart\u0105\u201c, \u2013 \u012f\u017evalgomis dalinosi asmenin\u0117 stilist\u0117.<\/p>\n\n\n\n<p>I\u0161 skirting\u0173 spint\u0173 stilist\u0117s sukurti deriniai \u201eTEXTALE\u201c parduotuv\u0117je patiks visiems atsakingiems, ie\u0161kantiems stiliaus, originalumo bei kokyb\u0117s. TEXTALE d\u017eiaugiasi, galintys itin patraukliomis s\u0105lygomis pasi\u016blyti ir lietuvi\u0173 dizaineri\u0173 kurt\u0173 drabu\u017ei\u0173.<\/p>\n\n\n\n<p>\u201eTEXTALE\u201c preki\u0173 galima \u012fsigyti Vilniuje, naujojoje parduotuv\u0117je PC \u201eEuropa\u201c (Konstitucijos pr. 7A), \u201eTEXTALE\u201c i\u0161parduotuv\u0117je (Jasinskio g. 16) bei <a href=\"https:\/\/textale.lt\/\">internetin\u0117je \u201eTEXTALE\u201c parduotuv\u0117je<\/a>.<\/p>\n\n\n\n<p><em>\u0160altinis: prane\u0161imas spaudai.<\/em><\/p>\n\n\n\n<p><strong>Daugiau socialini\u0173 versl\u0173 rasite <a href=\"https:\/\/socialinisverslas.inovacijuagentura.lt\/en\/businesses\/\" target=\"_blank\" rel=\"noreferrer noopener\">\u010dia. <\/a><\/strong><\/p>\n\n\n\n<p><\/p>","protected":false},"excerpt":{"rendered":"<p>Vilniuje verslo centr\u0173 dangorai\u017ei\u0173 apsuptyje esan\u010dioje \u201eEuropoje\u201c duris atv\u0117r\u0117 tvarios mados parduotuv\u0117 \u201eTEXTALE Premium\u201c. Antr\u0173 rank\u0173 mados oaze tapusi parduotuv\u0117 orientuota \u012f kokyb\u0119 ir estetik\u0105, tod\u0117l u\u017esuk\u0119 klientai da\u017enai net nesupranta, kad \u010dia parduodami daiktai jau yra d\u0117v\u0117ti ir laukia antrojo gyvenimo. \u201eTEXTALE\u201c \u2013 tai naujos kartos mados perpardavimo ir main\u0173 platforma, kvie\u010dianti \u012fsigyti, parduoti&hellip;<a href=\"https:\/\/socialinisverslas.inovacijuagentura.lt\/en\/rado-nauja-nisa-madai-is-antru-ranku-is-pirmo-zvilgsnio-net-nesuprasite-kad-daiktai-jau-deveti\/\" class=\"more-link\"><span>Continue reading<\/span><span class=\"screen-reader-text\">Rado nauj\u0105 ni\u0161\u0105 madai i\u0161 antr\u0173 rank\u0173 \u2013 i\u0161 pirmo \u017evilgsnio net nesuprasite, kad daiktai jau d\u0117v\u0117ti<\/span><\/a><\/p>","protected":false},"author":307,"featured_media":4460,"comment_status":"open","ping_status":"open","sticky":false,"template":"","format":"standard","meta":{"footnotes":""},"categories":[1],"tags":[],"class_list":["post-4459","post","type-post","status-publish","format-standard","has-post-thumbnail","hentry","category-uncategorized","tw-post-no-content","tw-post-has-image-1-1"],"yoast_head":"<!-- This site is optimized with the Yoast SEO plugin v27.3 - https:\/\/yoast.com\/product\/yoast-seo-wordpress\/ -->\n<title>Rado nauj\u0105 ni\u0161\u0105 madai i\u0161 antr\u0173 rank\u0173 \u2013 i\u0161 pirmo \u017evilgsnio net nesuprasite, kad daiktai jau d\u0117v\u0117ti - Socialinis verslas<\/title>\n<meta name=\"robots\" content=\"index, follow, max-snippet:-1, max-image-preview:large, max-video-preview:-1\" \/>\n<link rel=\"canonical\" href=\"https:\/\/socialinisverslas.inovacijuagentura.lt\/en\/rado-nauja-nisa-madai-is-antru-ranku-is-pirmo-zvilgsnio-net-nesuprasite-kad-daiktai-jau-deveti\/\" \/>\n<meta property=\"og:locale\" content=\"en_US\" \/>\n<meta property=\"og:type\" content=\"article\" \/>\n<meta property=\"og:title\" content=\"Rado nauj\u0105 ni\u0161\u0105 madai i\u0161 antr\u0173 rank\u0173 \u2013 i\u0161 pirmo \u017evilgsnio net nesuprasite, kad daiktai jau d\u0117v\u0117ti - Socialinis verslas\" \/>\n<meta property=\"og:description\" content=\"Vilniuje verslo centr\u0173 dangorai\u017ei\u0173 apsuptyje esan\u010dioje \u201eEuropoje\u201c duris atv\u0117r\u0117 tvarios mados parduotuv\u0117 \u201eTEXTALE Premium\u201c. Antr\u0173 rank\u0173 mados oaze tapusi parduotuv\u0117 orientuota \u012f kokyb\u0119 ir estetik\u0105, tod\u0117l u\u017esuk\u0119 klientai da\u017enai net nesupranta, kad \u010dia parduodami daiktai jau yra d\u0117v\u0117ti ir laukia antrojo gyvenimo. \u201eTEXTALE\u201c \u2013 tai naujos kartos mados perpardavimo ir main\u0173 platforma, kvie\u010dianti \u012fsigyti, parduoti&hellip;Continue readingRado nauj\u0105 ni\u0161\u0105 madai i\u0161 antr\u0173 rank\u0173 \u2013 i\u0161 pirmo \u017evilgsnio net nesuprasite, kad daiktai jau d\u0117v\u0117ti\" \/>\n<meta property=\"og:url\" content=\"https:\/\/socialinisverslas.inovacijuagentura.lt\/en\/rado-nauja-nisa-madai-is-antru-ranku-is-pirmo-zvilgsnio-net-nesuprasite-kad-daiktai-jau-deveti\/\" \/>\n<meta property=\"og:site_name\" content=\"Socialinis verslas\" \/>\n<meta property=\"article:published_time\" content=\"2023-07-11T10:00:17+00:00\" \/>\n<meta property=\"article:modified_time\" content=\"2023-07-11T10:13:38+00:00\" \/>\n<meta property=\"og:image\" content=\"https:\/\/socialinisverslas.inovacijuagentura.lt\/wp-content\/uploads\/2023\/07\/Textale-parduotuves-atidarymas_V.-Kavaliunienes-nuotrauka-3-scaled.jpg\" \/>\n\t<meta property=\"og:image:width\" content=\"2560\" \/>\n\t<meta property=\"og:image:height\" content=\"1707\" \/>\n\t<meta property=\"og:image:type\" content=\"image\/jpeg\" \/>\n<meta name=\"author\" content=\"Simona Uvarovait\u0117\" \/>\n<meta name=\"twitter:card\" content=\"summary_large_image\" \/>\n<meta name=\"twitter:label1\" content=\"Written by\" \/>\n\t<meta name=\"twitter:data1\" content=\"Simona Uvarovait\u0117\" \/>\n\t<meta name=\"twitter:label2\" content=\"Est. reading time\" \/>\n\t<meta name=\"twitter:data2\" content=\"2 minutes\" \/>\n<script type=\"application\/ld+json\" class=\"yoast-schema-graph\">{\"@context\":\"https:\\\/\\\/schema.org\",\"@graph\":[{\"@type\":\"Article\",\"@id\":\"https:\\\/\\\/socialinisverslas.inovacijuagentura.lt\\\/rado-nauja-nisa-madai-is-antru-ranku-is-pirmo-zvilgsnio-net-nesuprasite-kad-daiktai-jau-deveti\\\/#article\",\"isPartOf\":{\"@id\":\"https:\\\/\\\/socialinisverslas.inovacijuagentura.lt\\\/rado-nauja-nisa-madai-is-antru-ranku-is-pirmo-zvilgsnio-net-nesuprasite-kad-daiktai-jau-deveti\\\/\"},\"author\":{\"name\":\"Simona Uvarovait\u0117\",\"@id\":\"https:\\\/\\\/socialinisverslas.inovacijuagentura.lt\\\/#\\\/schema\\\/person\\\/83277aeccb9c938c832835fb3b120494\"},\"headline\":\"Rado nauj\u0105 ni\u0161\u0105 madai i\u0161 antr\u0173 rank\u0173 \u2013 i\u0161 pirmo \u017evilgsnio net nesuprasite, kad daiktai jau d\u0117v\u0117ti\",\"datePublished\":\"2023-07-11T10:00:17+00:00\",\"dateModified\":\"2023-07-11T10:13:38+00:00\",\"mainEntityOfPage\":{\"@id\":\"https:\\\/\\\/socialinisverslas.inovacijuagentura.lt\\\/rado-nauja-nisa-madai-is-antru-ranku-is-pirmo-zvilgsnio-net-nesuprasite-kad-daiktai-jau-deveti\\\/\"},\"wordCount\":427,\"commentCount\":0,\"publisher\":{\"@id\":\"https:\\\/\\\/socialinisverslas.inovacijuagentura.lt\\\/#organization\"},\"image\":{\"@id\":\"https:\\\/\\\/socialinisverslas.inovacijuagentura.lt\\\/rado-nauja-nisa-madai-is-antru-ranku-is-pirmo-zvilgsnio-net-nesuprasite-kad-daiktai-jau-deveti\\\/#primaryimage\"},\"thumbnailUrl\":\"https:\\\/\\\/socialinisverslas.inovacijuagentura.lt\\\/wp-content\\\/uploads\\\/2023\\\/07\\\/Textale-parduotuves-atidarymas_V.-Kavaliunienes-nuotrauka-3-scaled.jpg\",\"inLanguage\":\"en-US\"},{\"@type\":\"WebPage\",\"@id\":\"https:\\\/\\\/socialinisverslas.inovacijuagentura.lt\\\/rado-nauja-nisa-madai-is-antru-ranku-is-pirmo-zvilgsnio-net-nesuprasite-kad-daiktai-jau-deveti\\\/\",\"url\":\"https:\\\/\\\/socialinisverslas.inovacijuagentura.lt\\\/rado-nauja-nisa-madai-is-antru-ranku-is-pirmo-zvilgsnio-net-nesuprasite-kad-daiktai-jau-deveti\\\/\",\"name\":\"Rado nauj\u0105 ni\u0161\u0105 madai i\u0161 antr\u0173 rank\u0173 \u2013 i\u0161 pirmo \u017evilgsnio net nesuprasite, kad daiktai jau d\u0117v\u0117ti - Socialinis verslas\",\"isPartOf\":{\"@id\":\"https:\\\/\\\/socialinisverslas.inovacijuagentura.lt\\\/#website\"},\"primaryImageOfPage\":{\"@id\":\"https:\\\/\\\/socialinisverslas.inovacijuagentura.lt\\\/rado-nauja-nisa-madai-is-antru-ranku-is-pirmo-zvilgsnio-net-nesuprasite-kad-daiktai-jau-deveti\\\/#primaryimage\"},\"image\":{\"@id\":\"https:\\\/\\\/socialinisverslas.inovacijuagentura.lt\\\/rado-nauja-nisa-madai-is-antru-ranku-is-pirmo-zvilgsnio-net-nesuprasite-kad-daiktai-jau-deveti\\\/#primaryimage\"},\"thumbnailUrl\":\"https:\\\/\\\/socialinisverslas.inovacijuagentura.lt\\\/wp-content\\\/uploads\\\/2023\\\/07\\\/Textale-parduotuves-atidarymas_V.-Kavaliunienes-nuotrauka-3-scaled.jpg\",\"datePublished\":\"2023-07-11T10:00:17+00:00\",\"dateModified\":\"2023-07-11T10:13:38+00:00\",\"breadcrumb\":{\"@id\":\"https:\\\/\\\/socialinisverslas.inovacijuagentura.lt\\\/rado-nauja-nisa-madai-is-antru-ranku-is-pirmo-zvilgsnio-net-nesuprasite-kad-daiktai-jau-deveti\\\/#breadcrumb\"},\"inLanguage\":\"en-US\",\"potentialAction\":[{\"@type\":\"ReadAction\",\"target\":[\"https:\\\/\\\/socialinisverslas.inovacijuagentura.lt\\\/rado-nauja-nisa-madai-is-antru-ranku-is-pirmo-zvilgsnio-net-nesuprasite-kad-daiktai-jau-deveti\\\/\"]}]},{\"@type\":\"ImageObject\",\"inLanguage\":\"en-US\",\"@id\":\"https:\\\/\\\/socialinisverslas.inovacijuagentura.lt\\\/rado-nauja-nisa-madai-is-antru-ranku-is-pirmo-zvilgsnio-net-nesuprasite-kad-daiktai-jau-deveti\\\/#primaryimage\",\"url\":\"https:\\\/\\\/socialinisverslas.inovacijuagentura.lt\\\/wp-content\\\/uploads\\\/2023\\\/07\\\/Textale-parduotuves-atidarymas_V.-Kavaliunienes-nuotrauka-3-scaled.jpg\",\"contentUrl\":\"https:\\\/\\\/socialinisverslas.inovacijuagentura.lt\\\/wp-content\\\/uploads\\\/2023\\\/07\\\/Textale-parduotuves-atidarymas_V.-Kavaliunienes-nuotrauka-3-scaled.jpg\",\"width\":2560,\"height\":1707},{\"@type\":\"BreadcrumbList\",\"@id\":\"https:\\\/\\\/socialinisverslas.inovacijuagentura.lt\\\/rado-nauja-nisa-madai-is-antru-ranku-is-pirmo-zvilgsnio-net-nesuprasite-kad-daiktai-jau-deveti\\\/#breadcrumb\",\"itemListElement\":[{\"@type\":\"ListItem\",\"position\":1,\"name\":\"Home\",\"item\":\"https:\\\/\\\/socialinisverslas.inovacijuagentura.lt\\\/\"},{\"@type\":\"ListItem\",\"position\":2,\"name\":\"Rado nauj\u0105 ni\u0161\u0105 madai i\u0161 antr\u0173 rank\u0173 \u2013 i\u0161 pirmo \u017evilgsnio net nesuprasite, kad daiktai jau d\u0117v\u0117ti\"}]},{\"@type\":\"WebSite\",\"@id\":\"https:\\\/\\\/socialinisverslas.inovacijuagentura.lt\\\/#website\",\"url\":\"https:\\\/\\\/socialinisverslas.inovacijuagentura.lt\\\/\",\"name\":\"Socialinis verslas\",\"description\":\"\",\"publisher\":{\"@id\":\"https:\\\/\\\/socialinisverslas.inovacijuagentura.lt\\\/#organization\"},\"potentialAction\":[{\"@type\":\"SearchAction\",\"target\":{\"@type\":\"EntryPoint\",\"urlTemplate\":\"https:\\\/\\\/socialinisverslas.inovacijuagentura.lt\\\/?s={search_term_string}\"},\"query-input\":{\"@type\":\"PropertyValueSpecification\",\"valueRequired\":true,\"valueName\":\"search_term_string\"}}],\"inLanguage\":\"en-US\"},{\"@type\":\"Organization\",\"@id\":\"https:\\\/\\\/socialinisverslas.inovacijuagentura.lt\\\/#organization\",\"name\":\"Socialinis verslas\",\"url\":\"https:\\\/\\\/socialinisverslas.inovacijuagentura.lt\\\/\",\"logo\":{\"@type\":\"ImageObject\",\"inLanguage\":\"en-US\",\"@id\":\"https:\\\/\\\/socialinisverslas.inovacijuagentura.lt\\\/#\\\/schema\\\/logo\\\/image\\\/\",\"url\":\"https:\\\/\\\/socialinisverslas.verslilietuva.lt\\\/wp-content\\\/uploads\\\/2020\\\/12\\\/turiuversla.png\",\"contentUrl\":\"https:\\\/\\\/socialinisverslas.verslilietuva.lt\\\/wp-content\\\/uploads\\\/2020\\\/12\\\/turiuversla.png\",\"width\":418,\"height\":406,\"caption\":\"Socialinis verslas\"},\"image\":{\"@id\":\"https:\\\/\\\/socialinisverslas.inovacijuagentura.lt\\\/#\\\/schema\\\/logo\\\/image\\\/\"}},{\"@type\":\"Person\",\"@id\":\"https:\\\/\\\/socialinisverslas.inovacijuagentura.lt\\\/#\\\/schema\\\/person\\\/83277aeccb9c938c832835fb3b120494\",\"name\":\"Simona Uvarovait\u0117\"}]}<\/script>\n<!-- \/ Yoast SEO plugin. -->","yoast_head_json":{"title":"Rado nauj\u0105 ni\u0161\u0105 madai i\u0161 antr\u0173 rank\u0173 \u2013 i\u0161 pirmo \u017evilgsnio net nesuprasite, kad daiktai jau d\u0117v\u0117ti - Socialinis verslas","robots":{"index":"index","follow":"follow","max-snippet":"max-snippet:-1","max-image-preview":"max-image-preview:large","max-video-preview":"max-video-preview:-1"},"canonical":"https:\/\/socialinisverslas.inovacijuagentura.lt\/en\/rado-nauja-nisa-madai-is-antru-ranku-is-pirmo-zvilgsnio-net-nesuprasite-kad-daiktai-jau-deveti\/","og_locale":"en_US","og_type":"article","og_title":"Rado nauj\u0105 ni\u0161\u0105 madai i\u0161 antr\u0173 rank\u0173 \u2013 i\u0161 pirmo \u017evilgsnio net nesuprasite, kad daiktai jau d\u0117v\u0117ti - Socialinis verslas","og_description":"Vilniuje verslo centr\u0173 dangorai\u017ei\u0173 apsuptyje esan\u010dioje \u201eEuropoje\u201c duris atv\u0117r\u0117 tvarios mados parduotuv\u0117 \u201eTEXTALE Premium\u201c. Antr\u0173 rank\u0173 mados oaze tapusi parduotuv\u0117 orientuota \u012f kokyb\u0119 ir estetik\u0105, tod\u0117l u\u017esuk\u0119 klientai da\u017enai net nesupranta, kad \u010dia parduodami daiktai jau yra d\u0117v\u0117ti ir laukia antrojo gyvenimo. \u201eTEXTALE\u201c \u2013 tai naujos kartos mados perpardavimo ir main\u0173 platforma, kvie\u010dianti \u012fsigyti, parduoti&hellip;Continue readingRado nauj\u0105 ni\u0161\u0105 madai i\u0161 antr\u0173 rank\u0173 \u2013 i\u0161 pirmo \u017evilgsnio net nesuprasite, kad daiktai jau d\u0117v\u0117ti","og_url":"https:\/\/socialinisverslas.inovacijuagentura.lt\/en\/rado-nauja-nisa-madai-is-antru-ranku-is-pirmo-zvilgsnio-net-nesuprasite-kad-daiktai-jau-deveti\/","og_site_name":"Socialinis verslas","article_published_time":"2023-07-11T10:00:17+00:00","article_modified_time":"2023-07-11T10:13:38+00:00","og_image":[{"width":2560,"height":1707,"url":"https:\/\/socialinisverslas.inovacijuagentura.lt\/wp-content\/uploads\/2023\/07\/Textale-parduotuves-atidarymas_V.-Kavaliunienes-nuotrauka-3-scaled.jpg","type":"image\/jpeg"}],"author":"Simona Uvarovait\u0117","twitter_card":"summary_large_image","twitter_misc":{"Written by":"Simona Uvarovait\u0117","Est. reading time":"2 minutes"},"schema":{"@context":"https:\/\/schema.org","@graph":[{"@type":"Article","@id":"https:\/\/socialinisverslas.inovacijuagentura.lt\/rado-nauja-nisa-madai-is-antru-ranku-is-pirmo-zvilgsnio-net-nesuprasite-kad-daiktai-jau-deveti\/#article","isPartOf":{"@id":"https:\/\/socialinisverslas.inovacijuagentura.lt\/rado-nauja-nisa-madai-is-antru-ranku-is-pirmo-zvilgsnio-net-nesuprasite-kad-daiktai-jau-deveti\/"},"author":{"name":"Simona Uvarovait\u0117","@id":"https:\/\/socialinisverslas.inovacijuagentura.lt\/#\/schema\/person\/83277aeccb9c938c832835fb3b120494"},"headline":"Rado nauj\u0105 ni\u0161\u0105 madai i\u0161 antr\u0173 rank\u0173 \u2013 i\u0161 pirmo \u017evilgsnio net nesuprasite, kad daiktai jau d\u0117v\u0117ti","datePublished":"2023-07-11T10:00:17+00:00","dateModified":"2023-07-11T10:13:38+00:00","mainEntityOfPage":{"@id":"https:\/\/socialinisverslas.inovacijuagentura.lt\/rado-nauja-nisa-madai-is-antru-ranku-is-pirmo-zvilgsnio-net-nesuprasite-kad-daiktai-jau-deveti\/"},"wordCount":427,"commentCount":0,"publisher":{"@id":"https:\/\/socialinisverslas.inovacijuagentura.lt\/#organization"},"image":{"@id":"https:\/\/socialinisverslas.inovacijuagentura.lt\/rado-nauja-nisa-madai-is-antru-ranku-is-pirmo-zvilgsnio-net-nesuprasite-kad-daiktai-jau-deveti\/#primaryimage"},"thumbnailUrl":"https:\/\/socialinisverslas.inovacijuagentura.lt\/wp-content\/uploads\/2023\/07\/Textale-parduotuves-atidarymas_V.-Kavaliunienes-nuotrauka-3-scaled.jpg","inLanguage":"en-US"},{"@type":"WebPage","@id":"https:\/\/socialinisverslas.inovacijuagentura.lt\/rado-nauja-nisa-madai-is-antru-ranku-is-pirmo-zvilgsnio-net-nesuprasite-kad-daiktai-jau-deveti\/","url":"https:\/\/socialinisverslas.inovacijuagentura.lt\/rado-nauja-nisa-madai-is-antru-ranku-is-pirmo-zvilgsnio-net-nesuprasite-kad-daiktai-jau-deveti\/","name":"Rado nauj\u0105 ni\u0161\u0105 madai i\u0161 antr\u0173 rank\u0173 \u2013 i\u0161 pirmo \u017evilgsnio net nesuprasite, kad daiktai jau d\u0117v\u0117ti - Socialinis verslas","isPartOf":{"@id":"https:\/\/socialinisverslas.inovacijuagentura.lt\/#website"},"primaryImageOfPage":{"@id":"https:\/\/socialinisverslas.inovacijuagentura.lt\/rado-nauja-nisa-madai-is-antru-ranku-is-pirmo-zvilgsnio-net-nesuprasite-kad-daiktai-jau-deveti\/#primaryimage"},"image":{"@id":"https:\/\/socialinisverslas.inovacijuagentura.lt\/rado-nauja-nisa-madai-is-antru-ranku-is-pirmo-zvilgsnio-net-nesuprasite-kad-daiktai-jau-deveti\/#primaryimage"},"thumbnailUrl":"https:\/\/socialinisverslas.inovacijuagentura.lt\/wp-content\/uploads\/2023\/07\/Textale-parduotuves-atidarymas_V.-Kavaliunienes-nuotrauka-3-scaled.jpg","datePublished":"2023-07-11T10:00:17+00:00","dateModified":"2023-07-11T10:13:38+00:00","breadcrumb":{"@id":"https:\/\/socialinisverslas.inovacijuagentura.lt\/rado-nauja-nisa-madai-is-antru-ranku-is-pirmo-zvilgsnio-net-nesuprasite-kad-daiktai-jau-deveti\/#breadcrumb"},"inLanguage":"en-US","potentialAction":[{"@type":"ReadAction","target":["https:\/\/socialinisverslas.inovacijuagentura.lt\/rado-nauja-nisa-madai-is-antru-ranku-is-pirmo-zvilgsnio-net-nesuprasite-kad-daiktai-jau-deveti\/"]}]},{"@type":"ImageObject","inLanguage":"en-US","@id":"https:\/\/socialinisverslas.inovacijuagentura.lt\/rado-nauja-nisa-madai-is-antru-ranku-is-pirmo-zvilgsnio-net-nesuprasite-kad-daiktai-jau-deveti\/#primaryimage","url":"https:\/\/socialinisverslas.inovacijuagentura.lt\/wp-content\/uploads\/2023\/07\/Textale-parduotuves-atidarymas_V.-Kavaliunienes-nuotrauka-3-scaled.jpg","contentUrl":"https:\/\/socialinisverslas.inovacijuagentura.lt\/wp-content\/uploads\/2023\/07\/Textale-parduotuves-atidarymas_V.-Kavaliunienes-nuotrauka-3-scaled.jpg","width":2560,"height":1707},{"@type":"BreadcrumbList","@id":"https:\/\/socialinisverslas.inovacijuagentura.lt\/rado-nauja-nisa-madai-is-antru-ranku-is-pirmo-zvilgsnio-net-nesuprasite-kad-daiktai-jau-deveti\/#breadcrumb","itemListElement":[{"@type":"ListItem","position":1,"name":"Home","item":"https:\/\/socialinisverslas.inovacijuagentura.lt\/"},{"@type":"ListItem","position":2,"name":"Rado nauj\u0105 ni\u0161\u0105 madai i\u0161 antr\u0173 rank\u0173 \u2013 i\u0161 pirmo \u017evilgsnio net nesuprasite, kad daiktai jau d\u0117v\u0117ti"}]},{"@type":"WebSite","@id":"https:\/\/socialinisverslas.inovacijuagentura.lt\/#website","url":"https:\/\/socialinisverslas.inovacijuagentura.lt\/","name":"Social Enterprise","description":"","publisher":{"@id":"https:\/\/socialinisverslas.inovacijuagentura.lt\/#organization"},"potentialAction":[{"@type":"SearchAction","target":{"@type":"EntryPoint","urlTemplate":"https:\/\/socialinisverslas.inovacijuagentura.lt\/?s={search_term_string}"},"query-input":{"@type":"PropertyValueSpecification","valueRequired":true,"valueName":"search_term_string"}}],"inLanguage":"en-US"},{"@type":"Organization","@id":"https:\/\/socialinisverslas.inovacijuagentura.lt\/#organization","name":"Social Enterprise","url":"https:\/\/socialinisverslas.inovacijuagentura.lt\/","logo":{"@type":"ImageObject","inLanguage":"en-US","@id":"https:\/\/socialinisverslas.inovacijuagentura.lt\/#\/schema\/logo\/image\/","url":"https:\/\/socialinisverslas.verslilietuva.lt\/wp-content\/uploads\/2020\/12\/turiuversla.png","contentUrl":"https:\/\/socialinisverslas.verslilietuva.lt\/wp-content\/uploads\/2020\/12\/turiuversla.png","width":418,"height":406,"caption":"Socialinis verslas"},"image":{"@id":"https:\/\/socialinisverslas.inovacijuagentura.lt\/#\/schema\/logo\/image\/"}},{"@type":"Person","@id":"https:\/\/socialinisverslas.inovacijuagentura.lt\/#\/schema\/person\/83277aeccb9c938c832835fb3b120494","name":"Simona Uvarovait\u0117"}]}},"_links":{"self":[{"href":"https:\/\/socialinisverslas.inovacijuagentura.lt\/en\/wp-json\/wp\/v2\/posts\/4459","targetHints":{"allow":["GET"]}}],"collection":[{"href":"https:\/\/socialinisverslas.inovacijuagentura.lt\/en\/wp-json\/wp\/v2\/posts"}],"about":[{"href":"https:\/\/socialinisverslas.inovacijuagentura.lt\/en\/wp-json\/wp\/v2\/types\/post"}],"author":[{"embeddable":true,"href":"https:\/\/socialinisverslas.inovacijuagentura.lt\/en\/wp-json\/wp\/v2\/users\/307"}],"replies":[{"embeddable":true,"href":"https:\/\/socialinisverslas.inovacijuagentura.lt\/en\/wp-json\/wp\/v2\/comments?post=4459"}],"version-history":[{"count":4,"href":"https:\/\/socialinisverslas.inovacijuagentura.lt\/en\/wp-json\/wp\/v2\/posts\/4459\/revisions"}],"predecessor-version":[{"id":4464,"href":"https:\/\/socialinisverslas.inovacijuagentura.lt\/en\/wp-json\/wp\/v2\/posts\/4459\/revisions\/4464"}],"wp:featuredmedia":[{"embeddable":true,"href":"https:\/\/socialinisverslas.inovacijuagentura.lt\/en\/wp-json\/wp\/v2\/media\/4460"}],"wp:attachment":[{"href":"https:\/\/socialinisverslas.inovacijuagentura.lt\/en\/wp-json\/wp\/v2\/media?parent=4459"}],"wp:term":[{"taxonomy":"category","embeddable":true,"href":"https:\/\/socialinisverslas.inovacijuagentura.lt\/en\/wp-json\/wp\/v2\/categories?post=4459"},{"taxonomy":"post_tag","embeddable":true,"href":"https:\/\/socialinisverslas.inovacijuagentura.lt\/en\/wp-json\/wp\/v2\/tags?post=4459"}],"curies":[{"name":"wp","href":"https:\/\/api.w.org\/{rel}","templated":true}]}}