{"id":9002,"date":"2026-09-02T10:17:49","date_gmt":"2026-09-02T08:17:49","guid":{"rendered":"https:\/\/socialinisverslas.inovacijuagentura.lt\/?p=9002"},"modified":"2026-09-02T10:19:10","modified_gmt":"2026-09-02T08:19:10","slug":"lietuvoje-socialiniu-verslu-proverzis-vis-daugiau-verslu-siekia-kurti-ne-tik-ekonomine-verte","status":"publish","type":"post","link":"https:\/\/socialinisverslas.inovacijuagentura.lt\/en\/lietuvoje-socialiniu-verslu-proverzis-vis-daugiau-verslu-siekia-kurti-ne-tik-ekonomine-verte\/","title":{"rendered":"Lietuvoje \u2013 socialini\u0173 versl\u0173 prover\u017eis: vis daugiau versl\u0173 siekia kurti ne tik ekonomin\u0119 vert\u0119"},"content":{"rendered":"<p class=\"wp-block-paragraph\"><strong>Verslas gali ne tik generuoti pajamas, bet ir kurti reik\u0161ming\u0105 socialin\u012f poveik\u012f. Lietuvoje jo siekian\u010di\u0173 \u012fmoni\u0173 \u2013 vis daugiau. Inovacij\u0173 agent\u016bros socialinio verslo platformoje \u0161iandien yra u\u017esiregistrav\u0119 632 subjektai, o socialinio verslo status\u0105 turi 369 organizacijos \u2013 85 proc. daugiau nei 2025 m. prad\u017eioje. Jiems augti ir atrasti nauj\u0173 bendradarbiavimo galimybi\u0173 padeda Inovacij\u0173 agent\u016bros socialinio verslo akceleravimo programa, prie kurios \u0161iemet kvie\u010diama prisijungti jau ketvirt\u0105 kart\u0105.<\/strong><\/p>\n\n\n\n<p class=\"wp-block-paragraph\"><strong>Post\u016bmis socialiniams verslams<\/strong><\/p>\n\n\n\n<p class=\"wp-block-paragraph\">Socialinio verslo akceleratoriaus tikslas \u2013 pad\u0117ti socialiai orientuotiems verslininkams visapusi\u0161kai sustiprinti savo verslo kompetencijas. Intensyvios pusantro m\u0117nesio trukm\u0117s programos metu dalyviai gauna naudingas ekspert\u0173 konsultacijas, gilinasi \u012f socialiniam verslui svarbiausias temas, tokias kaip finansavimo planavimas, partnerys\u010di\u0173 mezgimas ir investicij\u0173 pritraukimas, rinkodara bei komunikacija.<\/p>\n\n\n\n<p class=\"wp-block-paragraph\">Dalyviai turi galimyb\u0119 su ekspert\u0173 pagalba geriau i\u0161sigryninti savo veiklos model\u012f, pasirengti \u012f\u0117jimo \u012f rink\u0105 ir pardavim\u0173 strategij\u0105, paruo\u0161ti rinkodaros bei komunikacijos plan\u0105, i\u0161mokti matuoti savo socialin\u012f poveik\u012f ir daugel\u012f kit\u0173 dalyk\u0173. Ne ma\u017eiau svarbi programos dalis \u2013 kontakt\u0173 mezgimas ir tinklaveika. Verslininkai gali dalyvauti verslo pa\u017ein\u010di\u0173 renginyje, o taip pat sta\u017euot\u0117je u\u017esienyje. Programa suteikia galimyb\u0119 ne tik \u012fgyti praktini\u0173 \u017eini\u0173, bet ir i\u0161sigryninti augimo krypt\u012f, sustiprinti konkurencingum\u0105 bei atrasti nauj\u0173 bendradarbiavimo galimybi\u0173 Lietuvoje ir u\u017e jos rib\u0173.<\/p>\n\n\n\n<p class=\"wp-block-paragraph\">\u201eDa\u017eniausiai kalbama apie ekonomin\u012f verslo poveik\u012f ir potencial\u0105. Ta\u010diau verslai taip pat gali svariai prisid\u0117ti prie aktuali\u0173 socialini\u0173 problem\u0173 sprendimo. \u0160\u012f keli\u0105 Lietuvoje renkasi vis daugiau verslinink\u0173. Ta\u010diau socialinio verslo specifika lemia nema\u017eai i\u0161\u0161\u016bki\u0173, kuriuos socialinio verslo akceleravimo programa siekia pad\u0117ti \u012fveikti per reikiam\u0173 kompetencij\u0173 stiprinim\u0105 ir bendradarbiavimo galimybi\u0173 pl\u0117tr\u0105\u201c, \u2013 sako Inovacij\u0173 agent\u016bros Regionin\u0117s verslo transformacijos skyriaus vadov\u0117 Indr\u0117 Gendroli\u016bt\u0117-Gerulien\u0117.<\/p>\n\n\n\n<p class=\"wp-block-paragraph\">Anot I. Gendroli\u016bt\u0117s-Gerulien\u0117s, stiprinant socialini\u0173 versl\u0173 potencial\u0105, kuriamos geresn\u0117s galimyb\u0117s telkti bendruomenes, didinti pa\u017eeid\u017eiam\u0173 visuomen\u0117s nari\u0173 \u012ftraukt\u012f, spr\u0119sti aplinkosaugos ir tvarumo problemas. D\u0117l to efektyvi ir gyvybinga socialini\u0173 versl\u0173 ekosistema yra valstyb\u0117s interesas.<\/p>\n\n\n\n<p class=\"wp-block-paragraph\"><strong>Dalyviai atranda bendradarbiavimo galimybes<\/strong><\/p>\n\n\n\n<p class=\"wp-block-paragraph\">Viena did\u017eiausi\u0173 programos ver\u010di\u0173 \u2013 galimyb\u0117 susitikti bendramin\u010dius ir u\u017emegzti ry\u0161ius, kurie virsta realiais projektais bei bendradarbiavimu. Vienas toki\u0173 pavyzd\u017ei\u0173 \u2013 Ignalinos rajone vystomas socialinio verslo projektas \u201ePokalbi\u0173 gidas\u201c. Atvir\u0105 pokalb\u012f skatinan\u010di\u0173 korteli\u0173 prek\u0117s \u017eenklo \u012fk\u016br\u0117ja Julija Lozda, dalyvavusi socialinio verslo akceleravimo programoje, ne tik atranda vis nauj\u0173 ni\u0161\u0173 pl\u0117trai, bet ir mezga prasmingas partnerystes su kitais socialiniais verslais.<\/p>\n\n\n\n<p class=\"wp-block-paragraph\">Verslinink\u0117 bendradarbiauja su tokiomis organizacijomis kaip \u201eVaik\u0173 linija\u201c ir Lietuvos Raudonasis kry\u017eius, o \u0161i\u0105 vasar\u0105 \u012f savo veikl\u0105 \u012ftrauk\u0117 Daug\u0117li\u0161kio socialines dirbtuves. Intelekto ar proto negali\u0105 turintiems \u017emon\u0117ms integruotis \u012f bendruomenin\u012f gyvenim\u0105 padedan\u010dios organizacijos nariai suk\u016br\u0117 ir pasiuvo rank\u0173 darbo mai\u0161elius naujai \u201ePokalbi\u0173 gido\u201c korteli\u0173 kolekcijai.<\/p>\n\n\n\n<p class=\"wp-block-paragraph\">\u201eM\u016bs\u0173 socialinio verslo tikslas \u2013 suteikti priemon\u0119 prasmingam pokalbiui \u0161eimose, porose, tarp draug\u0173 ar skirting\u0173 kart\u0173 ir taip ma\u017einti \u017emoni\u0173 vieni\u0161umo jausm\u0105. Atviras pokalbis yra tvari\u0173 santyki\u0173, emocin\u0117s gerov\u0117s ir socialin\u0117s harmonijos pagrindas. Ta\u010diau atvirai kalb\u0117tis ne visuomet yra lengva. M\u016bs\u0173 kuriamos kortel\u0117s padeda pralau\u017eti ledus ir \u017eaismingu b\u016bdu \u012ftraukia \u012f gilesnius pokalbius, leid\u017eian\u010dius geriau pa\u017einti, suprasti vienas kit\u0105 ir kurti ry\u0161\u012f\u201c, \u2013 pasakoja J. Lozda.<\/p>\n\n\n\n<p class=\"wp-block-paragraph\"><strong>\u012e unikalaus produkto k\u016brim\u0105 \u012ftrauk\u0117 ne\u012fgaliuosius<\/strong><\/p>\n\n\n\n<p class=\"wp-block-paragraph\">Vienas naujausi\u0173 \u201ePokalbi\u0173 gido\u201c produkt\u0173 \u2013 pa\u017eintin\u0117s ir pokalbi\u0173 kortel\u0117s vaik\u0173 kelion\u0117ms automobiliu. Jos sukurtos bendradarbiaujant su dar vienu socialiniu verslu \u201eSurink Lietuv\u0105\u201c.<\/p>\n\n\n\n<p class=\"wp-block-paragraph\">\u201eNor\u0117jome ne tik prasmingo galutinio rezultato, bet ir pa\u010diu procesu daryti teigiam\u0105 pokyt\u012f bei kurti papildom\u0105 vert\u0119. 2025 m. dalyvavau Inovacij\u0173 agent\u016bros organizuotoje socialin\u0117s ekonomikos dienoje \u201eMisija \u2014 poveikis&#8221;, kurioje susipa\u017einau su Daug\u0117li\u0161kio socialini\u0173 dirbtuvi\u0173 vadov\u0117mis Indre ir Solveiga. I\u0161kart u\u017esimezg\u0117 ry\u0161ys \u2013 ne tik turime pana\u0161\u0173 po\u017ei\u016br\u012f \u012f socialin\u0119 veikl\u0105, bet ir esame kaimynai. Tad i\u0161siskyr\u0117me su pa\u017eadu nuveikti k\u0105 nors drauge. Tam proga tapo su \u201eSurink Lietuv\u0105\u201c kuriamos kortel\u0117s\u201c, \u2013 dalijasi J. Lozda.<\/p>\n\n\n\n<p class=\"wp-block-paragraph\">Naujosioms kortel\u0117ms reik\u0117jo med\u017eiagini\u0173 mai\u0161eli\u0173, kurie b\u016bt\u0173 ergonomi\u0161ki, \u017eaismingi, pritaikyti vaik\u0173 rankoms. Prad\u0117jus galvoti, kas tokius gal\u0117t\u0173 pasi\u016bti, J. Lozdai i\u0161 karto kilo mintis susisiekti su Daug\u0117li\u0161kio socialin\u0117mis dirbtuv\u0117mis.<\/p>\n\n\n\n<p class=\"wp-block-paragraph\">\u201eApsitar\u0117me poreikius, terminus, i\u0161sigryninome detales ir kibome \u012f darbus. \u012e projekt\u0105 \u012fsitrauk\u0117 bema\u017e visa dirbtuvi\u0173 komanda: nariai karp\u0117 audinius, ruo\u0161\u0117 u\u017etrauktukus, klijavo, siuvo ir atliko daugyb\u0119 u\u017ebaigiam\u0173j\u0173 darb\u0173, kad galutinis gaminys b\u016bt\u0173 toks, kokio reikia. Per vasar\u0105 Daug\u0117li\u0161kyje intelekto negali\u0105 turintys \u017emon\u0117s pasiuvo daugiau nei 600 mai\u0161eli\u0173\u201c, \u2013 sako J. Lozda.<\/p>\n\n\n\n<p class=\"wp-block-paragraph\"><strong>Nauda \u2013 abipus\u0117<\/strong><\/p>\n\n\n\n<p class=\"wp-block-paragraph\">Anot socialinio verslo \u012fk\u016br\u0117jos, Lietuvoje gyvena apie 147 t\u016bkst. darbingo am\u017eiaus \u017emoni\u0173 su negalia, ta\u010diau dirba tik ma\u017edaug tre\u010ddalis j\u0173. Socialin\u0117s dirbtuv\u0117s, kuri\u0173 \u0161alyje veikia beveik \u0161e\u0161ios de\u0161imtys, yra viena i\u0161 nedaugelio viet\u0173, kur \u017emon\u0117s su intelekto negalia gali ne tik b\u016bti u\u017eimti, bet ir realiai mokytis dirbti ir pajusti, k\u0105 rei\u0161kia b\u016bti tikrai naudingais.<\/p>\n\n\n\n<p class=\"wp-block-paragraph\">\u201eSkirtumas tarp \u201eveiklos&#8221; ir \u201edarbo&#8221; \u0161iuo atveju yra esminis. Darbas turi u\u017esakov\u0105, termin\u0105, kain\u0105 ir kokyb\u0117s kartel\u0119 bei suteikia galimyb\u0119 b\u016bti pilnaver\u010diu ekonomini\u0173 main\u0173 dalyviu. Manau, kad socialini\u0173 dirbtuvi\u0173 nariams galimyb\u0117 gauti u\u017esakymus ir dirbti yra gerokai vertingesn\u0117 nei papras\u010diausia parama ar vienkartin\u0117s aukos. Pasikartojantys u\u017esakymai priartina dirbtuves ir j\u0173 narius prie savaranki\u0161kumo. Tuo pa\u010diu \u0161i partneryst\u0117 labai naudinga ir mums \u2013 vietoje to, kad atsisiuntin\u0117tume mai\u0161elius i\u0161 kur nors toli, turime patikim\u0105 gamybos partner\u012f visai \u0161alia nam\u0173\u201c, \u2013 abipus\u0119 bendradarbiavimo naud\u0105 pabr\u0117\u017eia J. Lozda.<\/p>\n\n\n\n<p class=\"wp-block-paragraph\">J. Lozdos \u012fsitikinimu, galimybi\u0173 bendradarbiauti verslams toli ie\u0161koti nereikia \u2013 j\u0173 galima atrasti \u012fsitraukus \u012f bendramin\u010di\u0173 bendruomen\u0119. Tam Inovacij\u0173 agent\u016bros socialinio verslo akceleravimo programa suteikia puiki\u0105 prog\u0105.<\/p>\n\n\n\n<p class=\"wp-block-paragraph\"><em>Socialinio poveikio siekian\u010dios organizacijos ir verslai kvie\u010diami registruotis \u012f&nbsp; Inovacij\u0173 agent\u016bros socialinio verslo akceleravimo program\u0105. Daugiau informacijos rasite \u010dia: <\/em><a href=\"https:\/\/socialinisverslas.inovacijuagentura.lt\/en\/akceleravimo-programa\/\"><em>https:\/\/socialinisverslas.inovacijuagentura.lt\/akceleravimo-programa\/<\/em><\/a><em><\/em><\/p>","protected":false},"excerpt":{"rendered":"<p>Verslas gali ne tik generuoti pajamas, bet ir kurti reik\u0161ming\u0105 socialin\u012f poveik\u012f. Lietuvoje jo siekian\u010di\u0173 \u012fmoni\u0173 \u2013 vis daugiau. Inovacij\u0173 agent\u016bros socialinio verslo platformoje \u0161iandien yra u\u017esiregistrav\u0119 632 subjektai, o socialinio verslo status\u0105 turi 369 organizacijos \u2013 85 proc. daugiau nei 2025 m. prad\u017eioje. Jiems augti ir atrasti nauj\u0173 bendradarbiavimo galimybi\u0173 padeda Inovacij\u0173 agent\u016bros socialinio&hellip;<a href=\"https:\/\/socialinisverslas.inovacijuagentura.lt\/en\/lietuvoje-socialiniu-verslu-proverzis-vis-daugiau-verslu-siekia-kurti-ne-tik-ekonomine-verte\/\" class=\"more-link\"><span>Continue reading<\/span><span class=\"screen-reader-text\">Lietuvoje \u2013 socialini\u0173 versl\u0173 prover\u017eis: vis daugiau versl\u0173 siekia kurti ne tik ekonomin\u0119 vert\u0119<\/span><\/a><\/p>","protected":false},"author":830,"featured_media":9003,"comment_status":"closed","ping_status":"closed","sticky":false,"template":"","format":"standard","meta":{"footnotes":""},"categories":[1],"tags":[],"class_list":["post-9002","post","type-post","status-publish","format-standard","has-post-thumbnail","hentry","category-uncategorized","tw-post-no-content","tw-post-has-image-1-1"],"yoast_head":"<!-- This site is optimized with the Yoast SEO plugin v28.2 - https:\/\/yoast.com\/product\/yoast-seo-wordpress\/ -->\n<title>Lietuvoje \u2013 socialini\u0173 versl\u0173 prover\u017eis: vis daugiau versl\u0173 siekia kurti ne tik ekonomin\u0119 vert\u0119 - Socialinis verslas<\/title>\n<meta name=\"robots\" content=\"index, follow, max-snippet:-1, max-image-preview:large, max-video-preview:-1\" \/>\n<link rel=\"canonical\" href=\"https:\/\/socialinisverslas.inovacijuagentura.lt\/en\/lietuvoje-socialiniu-verslu-proverzis-vis-daugiau-verslu-siekia-kurti-ne-tik-ekonomine-verte\/\" \/>\n<meta property=\"og:locale\" content=\"en_US\" \/>\n<meta property=\"og:type\" content=\"article\" \/>\n<meta property=\"og:title\" content=\"Lietuvoje \u2013 socialini\u0173 versl\u0173 prover\u017eis: vis daugiau versl\u0173 siekia kurti ne tik ekonomin\u0119 vert\u0119 - Socialinis verslas\" \/>\n<meta property=\"og:description\" content=\"Verslas gali ne tik generuoti pajamas, bet ir kurti reik\u0161ming\u0105 socialin\u012f poveik\u012f. Lietuvoje jo siekian\u010di\u0173 \u012fmoni\u0173 \u2013 vis daugiau. Inovacij\u0173 agent\u016bros socialinio verslo platformoje \u0161iandien yra u\u017esiregistrav\u0119 632 subjektai, o socialinio verslo status\u0105 turi 369 organizacijos \u2013 85 proc. daugiau nei 2025 m. prad\u017eioje. Jiems augti ir atrasti nauj\u0173 bendradarbiavimo galimybi\u0173 padeda Inovacij\u0173 agent\u016bros socialinio&hellip;Continue readingLietuvoje \u2013 socialini\u0173 versl\u0173 prover\u017eis: vis daugiau versl\u0173 siekia kurti ne tik ekonomin\u0119 vert\u0119\" \/>\n<meta property=\"og:url\" content=\"https:\/\/socialinisverslas.inovacijuagentura.lt\/en\/lietuvoje-socialiniu-verslu-proverzis-vis-daugiau-verslu-siekia-kurti-ne-tik-ekonomine-verte\/\" \/>\n<meta property=\"og:site_name\" content=\"Socialinis verslas\" \/>\n<meta property=\"article:published_time\" content=\"2026-09-02T08:17:49+00:00\" \/>\n<meta property=\"article:modified_time\" content=\"2026-09-02T08:19:10+00:00\" \/>\n<meta property=\"og:image\" content=\"https:\/\/socialinisverslas.inovacijuagentura.lt\/wp-content\/uploads\/2026\/09\/So_verslasIA__1080x1080_post-03.png\" \/>\n\t<meta property=\"og:image:width\" content=\"2250\" \/>\n\t<meta property=\"og:image:height\" content=\"2250\" \/>\n\t<meta property=\"og:image:type\" content=\"image\/png\" \/>\n<meta name=\"author\" content=\"Virginija Sli\u017eauskait\u0117\" \/>\n<meta name=\"twitter:card\" content=\"summary_large_image\" \/>\n<meta name=\"twitter:label1\" content=\"Written by\" \/>\n\t<meta name=\"twitter:data1\" content=\"Virginija Sli\u017eauskait\u0117\" \/>\n\t<meta name=\"twitter:label2\" content=\"Est. reading time\" \/>\n\t<meta name=\"twitter:data2\" content=\"5 minutes\" \/>\n<script type=\"application\/ld+json\" class=\"yoast-schema-graph\">{\"@context\":\"https:\\\/\\\/schema.org\",\"@graph\":[{\"@type\":\"Article\",\"@id\":\"https:\\\/\\\/socialinisverslas.inovacijuagentura.lt\\\/lietuvoje-socialiniu-verslu-proverzis-vis-daugiau-verslu-siekia-kurti-ne-tik-ekonomine-verte\\\/#article\",\"isPartOf\":{\"@id\":\"https:\\\/\\\/socialinisverslas.inovacijuagentura.lt\\\/lietuvoje-socialiniu-verslu-proverzis-vis-daugiau-verslu-siekia-kurti-ne-tik-ekonomine-verte\\\/\"},\"author\":{\"name\":\"Virginija Sli\u017eauskait\u0117\",\"@id\":\"https:\\\/\\\/socialinisverslas.inovacijuagentura.lt\\\/#\\\/schema\\\/person\\\/c7a20a8e236c1f8f92ca8df47b009700\"},\"headline\":\"Lietuvoje \u2013 socialini\u0173 versl\u0173 prover\u017eis: vis daugiau versl\u0173 siekia kurti ne tik ekonomin\u0119 vert\u0119\",\"datePublished\":\"2026-09-02T08:17:49+00:00\",\"dateModified\":\"2026-09-02T08:19:10+00:00\",\"mainEntityOfPage\":{\"@id\":\"https:\\\/\\\/socialinisverslas.inovacijuagentura.lt\\\/lietuvoje-socialiniu-verslu-proverzis-vis-daugiau-verslu-siekia-kurti-ne-tik-ekonomine-verte\\\/\"},\"wordCount\":975,\"publisher\":{\"@id\":\"https:\\\/\\\/socialinisverslas.inovacijuagentura.lt\\\/#organization\"},\"image\":{\"@id\":\"https:\\\/\\\/socialinisverslas.inovacijuagentura.lt\\\/lietuvoje-socialiniu-verslu-proverzis-vis-daugiau-verslu-siekia-kurti-ne-tik-ekonomine-verte\\\/#primaryimage\"},\"thumbnailUrl\":\"https:\\\/\\\/socialinisverslas.inovacijuagentura.lt\\\/wp-content\\\/uploads\\\/2026\\\/09\\\/So_verslasIA__1080x1080_post-03.png\",\"inLanguage\":\"en-US\"},{\"@type\":\"WebPage\",\"@id\":\"https:\\\/\\\/socialinisverslas.inovacijuagentura.lt\\\/lietuvoje-socialiniu-verslu-proverzis-vis-daugiau-verslu-siekia-kurti-ne-tik-ekonomine-verte\\\/\",\"url\":\"https:\\\/\\\/socialinisverslas.inovacijuagentura.lt\\\/lietuvoje-socialiniu-verslu-proverzis-vis-daugiau-verslu-siekia-kurti-ne-tik-ekonomine-verte\\\/\",\"name\":\"Lietuvoje \u2013 socialini\u0173 versl\u0173 prover\u017eis: vis daugiau versl\u0173 siekia kurti ne tik ekonomin\u0119 vert\u0119 - Socialinis verslas\",\"isPartOf\":{\"@id\":\"https:\\\/\\\/socialinisverslas.inovacijuagentura.lt\\\/#website\"},\"primaryImageOfPage\":{\"@id\":\"https:\\\/\\\/socialinisverslas.inovacijuagentura.lt\\\/lietuvoje-socialiniu-verslu-proverzis-vis-daugiau-verslu-siekia-kurti-ne-tik-ekonomine-verte\\\/#primaryimage\"},\"image\":{\"@id\":\"https:\\\/\\\/socialinisverslas.inovacijuagentura.lt\\\/lietuvoje-socialiniu-verslu-proverzis-vis-daugiau-verslu-siekia-kurti-ne-tik-ekonomine-verte\\\/#primaryimage\"},\"thumbnailUrl\":\"https:\\\/\\\/socialinisverslas.inovacijuagentura.lt\\\/wp-content\\\/uploads\\\/2026\\\/09\\\/So_verslasIA__1080x1080_post-03.png\",\"datePublished\":\"2026-09-02T08:17:49+00:00\",\"dateModified\":\"2026-09-02T08:19:10+00:00\",\"breadcrumb\":{\"@id\":\"https:\\\/\\\/socialinisverslas.inovacijuagentura.lt\\\/lietuvoje-socialiniu-verslu-proverzis-vis-daugiau-verslu-siekia-kurti-ne-tik-ekonomine-verte\\\/#breadcrumb\"},\"inLanguage\":\"en-US\",\"potentialAction\":[{\"@type\":\"ReadAction\",\"target\":[\"https:\\\/\\\/socialinisverslas.inovacijuagentura.lt\\\/lietuvoje-socialiniu-verslu-proverzis-vis-daugiau-verslu-siekia-kurti-ne-tik-ekonomine-verte\\\/\"]}]},{\"@type\":\"ImageObject\",\"inLanguage\":\"en-US\",\"@id\":\"https:\\\/\\\/socialinisverslas.inovacijuagentura.lt\\\/lietuvoje-socialiniu-verslu-proverzis-vis-daugiau-verslu-siekia-kurti-ne-tik-ekonomine-verte\\\/#primaryimage\",\"url\":\"https:\\\/\\\/socialinisverslas.inovacijuagentura.lt\\\/wp-content\\\/uploads\\\/2026\\\/09\\\/So_verslasIA__1080x1080_post-03.png\",\"contentUrl\":\"https:\\\/\\\/socialinisverslas.inovacijuagentura.lt\\\/wp-content\\\/uploads\\\/2026\\\/09\\\/So_verslasIA__1080x1080_post-03.png\",\"width\":2250,\"height\":2250},{\"@type\":\"BreadcrumbList\",\"@id\":\"https:\\\/\\\/socialinisverslas.inovacijuagentura.lt\\\/lietuvoje-socialiniu-verslu-proverzis-vis-daugiau-verslu-siekia-kurti-ne-tik-ekonomine-verte\\\/#breadcrumb\",\"itemListElement\":[{\"@type\":\"ListItem\",\"position\":1,\"name\":\"Home\",\"item\":\"https:\\\/\\\/socialinisverslas.inovacijuagentura.lt\\\/\"},{\"@type\":\"ListItem\",\"position\":2,\"name\":\"Lietuvoje \u2013 socialini\u0173 versl\u0173 prover\u017eis: vis daugiau versl\u0173 siekia kurti ne tik ekonomin\u0119 vert\u0119\"}]},{\"@type\":\"WebSite\",\"@id\":\"https:\\\/\\\/socialinisverslas.inovacijuagentura.lt\\\/#website\",\"url\":\"https:\\\/\\\/socialinisverslas.inovacijuagentura.lt\\\/\",\"name\":\"Socialinis verslas\",\"description\":\"\",\"publisher\":{\"@id\":\"https:\\\/\\\/socialinisverslas.inovacijuagentura.lt\\\/#organization\"},\"potentialAction\":[{\"@type\":\"SearchAction\",\"target\":{\"@type\":\"EntryPoint\",\"urlTemplate\":\"https:\\\/\\\/socialinisverslas.inovacijuagentura.lt\\\/?s={search_term_string}\"},\"query-input\":{\"@type\":\"PropertyValueSpecification\",\"valueRequired\":true,\"valueName\":\"search_term_string\"}}],\"inLanguage\":\"en-US\"},{\"@type\":\"Organization\",\"@id\":\"https:\\\/\\\/socialinisverslas.inovacijuagentura.lt\\\/#organization\",\"name\":\"Socialinis verslas\",\"url\":\"https:\\\/\\\/socialinisverslas.inovacijuagentura.lt\\\/\",\"logo\":{\"@type\":\"ImageObject\",\"inLanguage\":\"en-US\",\"@id\":\"https:\\\/\\\/socialinisverslas.inovacijuagentura.lt\\\/#\\\/schema\\\/logo\\\/image\\\/\",\"url\":\"https:\\\/\\\/socialinisverslas.verslilietuva.lt\\\/wp-content\\\/uploads\\\/2020\\\/12\\\/turiuversla.png\",\"contentUrl\":\"https:\\\/\\\/socialinisverslas.verslilietuva.lt\\\/wp-content\\\/uploads\\\/2020\\\/12\\\/turiuversla.png\",\"width\":418,\"height\":406,\"caption\":\"Socialinis verslas\"},\"image\":{\"@id\":\"https:\\\/\\\/socialinisverslas.inovacijuagentura.lt\\\/#\\\/schema\\\/logo\\\/image\\\/\"}},{\"@type\":\"Person\",\"@id\":\"https:\\\/\\\/socialinisverslas.inovacijuagentura.lt\\\/#\\\/schema\\\/person\\\/c7a20a8e236c1f8f92ca8df47b009700\",\"name\":\"Virginija Sli\u017eauskait\u0117\"}]}<\/script>\n<!-- \/ Yoast SEO plugin. -->","yoast_head_json":{"title":"Lietuvoje \u2013 socialini\u0173 versl\u0173 prover\u017eis: vis daugiau versl\u0173 siekia kurti ne tik ekonomin\u0119 vert\u0119 - Socialinis verslas","robots":{"index":"index","follow":"follow","max-snippet":"max-snippet:-1","max-image-preview":"max-image-preview:large","max-video-preview":"max-video-preview:-1"},"canonical":"https:\/\/socialinisverslas.inovacijuagentura.lt\/en\/lietuvoje-socialiniu-verslu-proverzis-vis-daugiau-verslu-siekia-kurti-ne-tik-ekonomine-verte\/","og_locale":"en_US","og_type":"article","og_title":"Lietuvoje \u2013 socialini\u0173 versl\u0173 prover\u017eis: vis daugiau versl\u0173 siekia kurti ne tik ekonomin\u0119 vert\u0119 - Socialinis verslas","og_description":"Verslas gali ne tik generuoti pajamas, bet ir kurti reik\u0161ming\u0105 socialin\u012f poveik\u012f. Lietuvoje jo siekian\u010di\u0173 \u012fmoni\u0173 \u2013 vis daugiau. Inovacij\u0173 agent\u016bros socialinio verslo platformoje \u0161iandien yra u\u017esiregistrav\u0119 632 subjektai, o socialinio verslo status\u0105 turi 369 organizacijos \u2013 85 proc. daugiau nei 2025 m. prad\u017eioje. Jiems augti ir atrasti nauj\u0173 bendradarbiavimo galimybi\u0173 padeda Inovacij\u0173 agent\u016bros socialinio&hellip;Continue readingLietuvoje \u2013 socialini\u0173 versl\u0173 prover\u017eis: vis daugiau versl\u0173 siekia kurti ne tik ekonomin\u0119 vert\u0119","og_url":"https:\/\/socialinisverslas.inovacijuagentura.lt\/en\/lietuvoje-socialiniu-verslu-proverzis-vis-daugiau-verslu-siekia-kurti-ne-tik-ekonomine-verte\/","og_site_name":"Socialinis verslas","article_published_time":"2026-09-02T08:17:49+00:00","article_modified_time":"2026-09-02T08:19:10+00:00","og_image":[{"width":2250,"height":2250,"url":"https:\/\/socialinisverslas.inovacijuagentura.lt\/wp-content\/uploads\/2026\/09\/So_verslasIA__1080x1080_post-03.png","type":"image\/png"}],"author":"Virginija Sli\u017eauskait\u0117","twitter_card":"summary_large_image","twitter_misc":{"Written by":"Virginija Sli\u017eauskait\u0117","Est. reading time":"5 minutes"},"schema":{"@context":"https:\/\/schema.org","@graph":[{"@type":"Article","@id":"https:\/\/socialinisverslas.inovacijuagentura.lt\/lietuvoje-socialiniu-verslu-proverzis-vis-daugiau-verslu-siekia-kurti-ne-tik-ekonomine-verte\/#article","isPartOf":{"@id":"https:\/\/socialinisverslas.inovacijuagentura.lt\/lietuvoje-socialiniu-verslu-proverzis-vis-daugiau-verslu-siekia-kurti-ne-tik-ekonomine-verte\/"},"author":{"name":"Virginija Sli\u017eauskait\u0117","@id":"https:\/\/socialinisverslas.inovacijuagentura.lt\/#\/schema\/person\/c7a20a8e236c1f8f92ca8df47b009700"},"headline":"Lietuvoje \u2013 socialini\u0173 versl\u0173 prover\u017eis: vis daugiau versl\u0173 siekia kurti ne tik ekonomin\u0119 vert\u0119","datePublished":"2026-09-02T08:17:49+00:00","dateModified":"2026-09-02T08:19:10+00:00","mainEntityOfPage":{"@id":"https:\/\/socialinisverslas.inovacijuagentura.lt\/lietuvoje-socialiniu-verslu-proverzis-vis-daugiau-verslu-siekia-kurti-ne-tik-ekonomine-verte\/"},"wordCount":975,"publisher":{"@id":"https:\/\/socialinisverslas.inovacijuagentura.lt\/#organization"},"image":{"@id":"https:\/\/socialinisverslas.inovacijuagentura.lt\/lietuvoje-socialiniu-verslu-proverzis-vis-daugiau-verslu-siekia-kurti-ne-tik-ekonomine-verte\/#primaryimage"},"thumbnailUrl":"https:\/\/socialinisverslas.inovacijuagentura.lt\/wp-content\/uploads\/2026\/09\/So_verslasIA__1080x1080_post-03.png","inLanguage":"en-US"},{"@type":"WebPage","@id":"https:\/\/socialinisverslas.inovacijuagentura.lt\/lietuvoje-socialiniu-verslu-proverzis-vis-daugiau-verslu-siekia-kurti-ne-tik-ekonomine-verte\/","url":"https:\/\/socialinisverslas.inovacijuagentura.lt\/lietuvoje-socialiniu-verslu-proverzis-vis-daugiau-verslu-siekia-kurti-ne-tik-ekonomine-verte\/","name":"Lietuvoje \u2013 socialini\u0173 versl\u0173 prover\u017eis: vis daugiau versl\u0173 siekia kurti ne tik ekonomin\u0119 vert\u0119 - Socialinis verslas","isPartOf":{"@id":"https:\/\/socialinisverslas.inovacijuagentura.lt\/#website"},"primaryImageOfPage":{"@id":"https:\/\/socialinisverslas.inovacijuagentura.lt\/lietuvoje-socialiniu-verslu-proverzis-vis-daugiau-verslu-siekia-kurti-ne-tik-ekonomine-verte\/#primaryimage"},"image":{"@id":"https:\/\/socialinisverslas.inovacijuagentura.lt\/lietuvoje-socialiniu-verslu-proverzis-vis-daugiau-verslu-siekia-kurti-ne-tik-ekonomine-verte\/#primaryimage"},"thumbnailUrl":"https:\/\/socialinisverslas.inovacijuagentura.lt\/wp-content\/uploads\/2026\/09\/So_verslasIA__1080x1080_post-03.png","datePublished":"2026-09-02T08:17:49+00:00","dateModified":"2026-09-02T08:19:10+00:00","breadcrumb":{"@id":"https:\/\/socialinisverslas.inovacijuagentura.lt\/lietuvoje-socialiniu-verslu-proverzis-vis-daugiau-verslu-siekia-kurti-ne-tik-ekonomine-verte\/#breadcrumb"},"inLanguage":"en-US","potentialAction":[{"@type":"ReadAction","target":["https:\/\/socialinisverslas.inovacijuagentura.lt\/lietuvoje-socialiniu-verslu-proverzis-vis-daugiau-verslu-siekia-kurti-ne-tik-ekonomine-verte\/"]}]},{"@type":"ImageObject","inLanguage":"en-US","@id":"https:\/\/socialinisverslas.inovacijuagentura.lt\/lietuvoje-socialiniu-verslu-proverzis-vis-daugiau-verslu-siekia-kurti-ne-tik-ekonomine-verte\/#primaryimage","url":"https:\/\/socialinisverslas.inovacijuagentura.lt\/wp-content\/uploads\/2026\/09\/So_verslasIA__1080x1080_post-03.png","contentUrl":"https:\/\/socialinisverslas.inovacijuagentura.lt\/wp-content\/uploads\/2026\/09\/So_verslasIA__1080x1080_post-03.png","width":2250,"height":2250},{"@type":"BreadcrumbList","@id":"https:\/\/socialinisverslas.inovacijuagentura.lt\/lietuvoje-socialiniu-verslu-proverzis-vis-daugiau-verslu-siekia-kurti-ne-tik-ekonomine-verte\/#breadcrumb","itemListElement":[{"@type":"ListItem","position":1,"name":"Home","item":"https:\/\/socialinisverslas.inovacijuagentura.lt\/"},{"@type":"ListItem","position":2,"name":"Lietuvoje \u2013 socialini\u0173 versl\u0173 prover\u017eis: vis daugiau versl\u0173 siekia kurti ne tik ekonomin\u0119 vert\u0119"}]},{"@type":"WebSite","@id":"https:\/\/socialinisverslas.inovacijuagentura.lt\/#website","url":"https:\/\/socialinisverslas.inovacijuagentura.lt\/","name":"Social Enterprise","description":"","publisher":{"@id":"https:\/\/socialinisverslas.inovacijuagentura.lt\/#organization"},"potentialAction":[{"@type":"SearchAction","target":{"@type":"EntryPoint","urlTemplate":"https:\/\/socialinisverslas.inovacijuagentura.lt\/?s={search_term_string}"},"query-input":{"@type":"PropertyValueSpecification","valueRequired":true,"valueName":"search_term_string"}}],"inLanguage":"en-US"},{"@type":"Organization","@id":"https:\/\/socialinisverslas.inovacijuagentura.lt\/#organization","name":"Social Enterprise","url":"https:\/\/socialinisverslas.inovacijuagentura.lt\/","logo":{"@type":"ImageObject","inLanguage":"en-US","@id":"https:\/\/socialinisverslas.inovacijuagentura.lt\/#\/schema\/logo\/image\/","url":"https:\/\/socialinisverslas.verslilietuva.lt\/wp-content\/uploads\/2020\/12\/turiuversla.png","contentUrl":"https:\/\/socialinisverslas.verslilietuva.lt\/wp-content\/uploads\/2020\/12\/turiuversla.png","width":418,"height":406,"caption":"Socialinis verslas"},"image":{"@id":"https:\/\/socialinisverslas.inovacijuagentura.lt\/#\/schema\/logo\/image\/"}},{"@type":"Person","@id":"https:\/\/socialinisverslas.inovacijuagentura.lt\/#\/schema\/person\/c7a20a8e236c1f8f92ca8df47b009700","name":"Virginija Sli\u017eauskait\u0117"}]}},"_links":{"self":[{"href":"https:\/\/socialinisverslas.inovacijuagentura.lt\/en\/wp-json\/wp\/v2\/posts\/9002","targetHints":{"allow":["GET"]}}],"collection":[{"href":"https:\/\/socialinisverslas.inovacijuagentura.lt\/en\/wp-json\/wp\/v2\/posts"}],"about":[{"href":"https:\/\/socialinisverslas.inovacijuagentura.lt\/en\/wp-json\/wp\/v2\/types\/post"}],"author":[{"embeddable":true,"href":"https:\/\/socialinisverslas.inovacijuagentura.lt\/en\/wp-json\/wp\/v2\/users\/830"}],"replies":[{"embeddable":true,"href":"https:\/\/socialinisverslas.inovacijuagentura.lt\/en\/wp-json\/wp\/v2\/comments?post=9002"}],"version-history":[{"count":2,"href":"https:\/\/socialinisverslas.inovacijuagentura.lt\/en\/wp-json\/wp\/v2\/posts\/9002\/revisions"}],"predecessor-version":[{"id":9007,"href":"https:\/\/socialinisverslas.inovacijuagentura.lt\/en\/wp-json\/wp\/v2\/posts\/9002\/revisions\/9007"}],"wp:featuredmedia":[{"embeddable":true,"href":"https:\/\/socialinisverslas.inovacijuagentura.lt\/en\/wp-json\/wp\/v2\/media\/9003"}],"wp:attachment":[{"href":"https:\/\/socialinisverslas.inovacijuagentura.lt\/en\/wp-json\/wp\/v2\/media?parent=9002"}],"wp:term":[{"taxonomy":"category","embeddable":true,"href":"https:\/\/socialinisverslas.inovacijuagentura.lt\/en\/wp-json\/wp\/v2\/categories?post=9002"},{"taxonomy":"post_tag","embeddable":true,"href":"https:\/\/socialinisverslas.inovacijuagentura.lt\/en\/wp-json\/wp\/v2\/tags?post=9002"}],"curies":[{"name":"wp","href":"https:\/\/api.w.org\/{rel}","templated":true}]}}